{"success":true,"html":"\u003Cdiv class=\u0022content\u0022\u003E\n    \u003Cdiv class=\u0022list-wrapper\u0022\u003E\n                            \n                    \u003Cdiv class=\u0022news-item\u0022\u003E\n            \u003Cdiv class=\u0022picture\u0022\u003E\n            \u003Cpicture\u003E\n                                                                \u003Csource type=\u0022image\/webp\u0022 data-srcset=\u0022https:\/\/www.basilique.ch\/media\/cache\/event_item_x1_webp\/2026\/02\/0891-image-imposition-des-cendres.webp 387w, https:\/\/www.basilique.ch\/media\/cache\/event_item_x2_webp\/2026\/02\/0891-image-imposition-des-cendres.webp 774w\u0022 srcset=\u0022data:,1w\u0022 \/\u003E\n    \u003Cimg class=\u0022lazyload\u0022 data-srcset=\u0022https:\/\/www.basilique.ch\/media\/cache\/event_item_x1\/2026\/02\/0891-image-imposition-des-cendres.jpg 387w, https:\/\/www.basilique.ch\/media\/cache\/event_item_x2\/2026\/02\/0891-image-imposition-des-cendres.jpg 774w\u0022             data-sizes=\u0022auto\u0022             width=\u0022387\u0022             height=\u0022260\u0022\/\u003E\n\u003C\/picture\u003E\n\n        \u003C\/div\u003E\n    \n    \u003Cdiv class=\u0022information\u0022\u003E\n        \u003Ca class=\u0022block-link item-title\u0022 href=\u0022\/evenements-regards\/mercredi-des-cendres-mercredi-18-fevrier\u0022\u003E\n            \u003Ch3 class=\u0022h4 no-m\u0022\u003EMercredi des Cendres - mercredi 18 f\u00e9vrier\u003C\/h3\u003E\n        \u003C\/a\u003E\n\n        \u003Cp class=\u0022h5 date\u0022\u003E18.02.2026\u003C\/p\u003E\n    \u003C\/div\u003E\n\u003C\/div\u003E\n                    \u003Cdiv class=\u0022news-item\u0022\u003E\n            \u003Cdiv class=\u0022picture\u0022\u003E\n            \u003Cpicture\u003E\n                                                                \u003Csource type=\u0022image\/webp\u0022 data-srcset=\u0022https:\/\/www.basilique.ch\/media\/cache\/event_item_x1_webp\/2026\/02\/6102-lumiere-pour-haiti.webp 387w, https:\/\/www.basilique.ch\/media\/cache\/event_item_x2_webp\/2026\/02\/6102-lumiere-pour-haiti.webp 774w\u0022 srcset=\u0022data:,1w\u0022 \/\u003E\n    \u003Cimg class=\u0022lazyload\u0022 data-srcset=\u0022https:\/\/www.basilique.ch\/media\/cache\/event_item_x1\/2026\/02\/6102-lumiere-pour-haiti.jpg 387w, https:\/\/www.basilique.ch\/media\/cache\/event_item_x2\/2026\/02\/6102-lumiere-pour-haiti.jpg 774w\u0022             data-sizes=\u0022auto\u0022             width=\u0022387\u0022             height=\u0022260\u0022\/\u003E\n\u003C\/picture\u003E\n\n        \u003C\/div\u003E\n    \n    \u003Cdiv class=\u0022information\u0022\u003E\n        \u003Ca class=\u0022block-link item-title\u0022 href=\u0022\/evenements-regards\/association-lumiere-pour-haiti-stand-de-vente-de-chocolat-ragusa-les-7-et-8-fevrier-2026\u0022\u003E\n            \u003Ch3 class=\u0022h4 no-m\u0022\u003EAssociation \u0026quot;Lumi\u00e8re pour Ha\u00efti\u0026quot; - stand de vente de chocolat \u0026quot;Ragusa\u0026quot; les 7 et 8 f\u00e9vrier 2026\u003C\/h3\u003E\n        \u003C\/a\u003E\n\n        \u003Cp class=\u0022h5 date\u0022\u003E7.2.26\u003C\/p\u003E\n    \u003C\/div\u003E\n\u003C\/div\u003E\n                    \u003Cdiv class=\u0022news-item\u0022\u003E\n            \u003Cdiv class=\u0022picture\u0022\u003E\n            \u003Cpicture\u003E\n                                                                \u003Csource type=\u0022image\/webp\u0022 data-srcset=\u0022https:\/\/www.basilique.ch\/media\/cache\/event_item_x1_webp\/2026\/01\/6896-capture-presentation-du-seigneur.webp 387w, https:\/\/www.basilique.ch\/media\/cache\/event_item_x2_webp\/2026\/01\/6896-capture-presentation-du-seigneur.webp 774w\u0022 srcset=\u0022data:,1w\u0022 \/\u003E\n    \u003Cimg class=\u0022lazyload\u0022 data-srcset=\u0022https:\/\/www.basilique.ch\/media\/cache\/event_item_x1\/2026\/01\/6896-capture-presentation-du-seigneur.png 387w, https:\/\/www.basilique.ch\/media\/cache\/event_item_x2\/2026\/01\/6896-capture-presentation-du-seigneur.png 774w\u0022             data-sizes=\u0022auto\u0022             width=\u0022387\u0022             height=\u0022260\u0022\/\u003E\n\u003C\/picture\u003E\n\n        \u003C\/div\u003E\n    \n    \u003Cdiv class=\u0022information\u0022\u003E\n        \u003Ca class=\u0022block-link item-title\u0022 href=\u0022\/evenements-regards\/presentation-du-seigneur-au-temple-messe-solennelle-lundi-2-fevrier-a-18h30\u0022\u003E\n            \u003Ch3 class=\u0022h4 no-m\u0022\u003EPr\u00e9sentation du Seigneur au Temple - messe solennelle lundi 2 f\u00e9vrier \u00e0 18h30\u003C\/h3\u003E\n        \u003C\/a\u003E\n\n        \u003Cp class=\u0022h5 date\u0022\u003E02.02.26\u003C\/p\u003E\n    \u003C\/div\u003E\n\u003C\/div\u003E\n                    \u003Cdiv class=\u0022news-item\u0022\u003E\n            \u003Cdiv class=\u0022picture\u0022\u003E\n            \u003Cpicture\u003E\n                                                                \u003Csource type=\u0022image\/webp\u0022 data-srcset=\u0022https:\/\/www.basilique.ch\/media\/cache\/event_item_x1_webp\/2026\/01\/9877-flores-in-monte-flyer-concert-24.1.26-page-0001.webp 387w, https:\/\/www.basilique.ch\/media\/cache\/event_item_x2_webp\/2026\/01\/9877-flores-in-monte-flyer-concert-24.1.26-page-0001.webp 774w\u0022 srcset=\u0022data:,1w\u0022 \/\u003E\n    \u003Cimg class=\u0022lazyload\u0022 data-srcset=\u0022https:\/\/www.basilique.ch\/media\/cache\/event_item_x1\/2026\/01\/9877-flores-in-monte-flyer-concert-24.1.26-page-0001.jpg 387w, https:\/\/www.basilique.ch\/media\/cache\/event_item_x2\/2026\/01\/9877-flores-in-monte-flyer-concert-24.1.26-page-0001.jpg 774w\u0022             data-sizes=\u0022auto\u0022             width=\u0022387\u0022             height=\u0022260\u0022\/\u003E\n\u003C\/picture\u003E\n\n        \u003C\/div\u003E\n    \n    \u003Cdiv class=\u0022information\u0022\u003E\n        \u003Ca class=\u0022block-link item-title\u0022 href=\u0022\/evenements-regards\/fete-de-saint-francois-de-sales-messe-solennelle-et-concert-baroque-samedi-24-janvier-a-18h30\u0022\u003E\n            \u003Ch3 class=\u0022h4 no-m\u0022\u003EF\u00eate de Saint Fran\u00e7ois de Sales - messe solennelle et concert baroque samedi 24 janvier \u00e0 18h30\u003C\/h3\u003E\n        \u003C\/a\u003E\n\n        \u003Cp class=\u0022h5 date\u0022\u003E24.01.26\u003C\/p\u003E\n    \u003C\/div\u003E\n\u003C\/div\u003E\n                    \u003Cdiv class=\u0022news-item\u0022\u003E\n            \u003Cdiv class=\u0022picture\u0022\u003E\n            \u003Cpicture\u003E\n                                                                \u003Csource type=\u0022image\/webp\u0022 data-srcset=\u0022https:\/\/www.basilique.ch\/media\/cache\/event_item_x1_webp\/2026\/01\/3348-ecoeglise-logo.webp 387w, https:\/\/www.basilique.ch\/media\/cache\/event_item_x2_webp\/2026\/01\/3348-ecoeglise-logo.webp 774w\u0022 srcset=\u0022data:,1w\u0022 \/\u003E\n    \u003Cimg class=\u0022lazyload\u0022 data-srcset=\u0022https:\/\/www.basilique.ch\/media\/cache\/event_item_x1\/2026\/01\/3348-ecoeglise-logo.png 387w, https:\/\/www.basilique.ch\/media\/cache\/event_item_x2\/2026\/01\/3348-ecoeglise-logo.png 774w\u0022             data-sizes=\u0022auto\u0022             width=\u0022387\u0022             height=\u0022260\u0022\/\u003E\n\u003C\/picture\u003E\n\n        \u003C\/div\u003E\n    \n    \u003Cdiv class=\u0022information\u0022\u003E\n        \u003Ca class=\u0022block-link item-title\u0022 href=\u0022\/evenements-regards\/grande-vente-de-vetements-doccasion-par-les-paroissien-ne-s-samedi-24-janvier-de-10h-a-17h\u0022\u003E\n            \u003Ch3 class=\u0022h4 no-m\u0022\u003EGrande vente de v\u00eatements d\u0026#039;occasion, accessoires, bijoux, maroquinerie pour femme et homme : samedi 24 janvier de 10h \u00e0 17h\u003C\/h3\u003E\n        \u003C\/a\u003E\n\n        \u003Cp class=\u0022h5 date\u0022\u003E24.01.26\u003C\/p\u003E\n    \u003C\/div\u003E\n\u003C\/div\u003E\n                    \u003Cdiv class=\u0022news-item\u0022\u003E\n            \u003Cdiv class=\u0022picture\u0022\u003E\n            \u003Cpicture\u003E\n                                                                \u003Csource type=\u0022image\/webp\u0022 data-srcset=\u0022https:\/\/www.basilique.ch\/media\/cache\/event_item_x1_webp\/2026\/01\/1481-priere-des-meres.webp 387w, https:\/\/www.basilique.ch\/media\/cache\/event_item_x2_webp\/2026\/01\/1481-priere-des-meres.webp 774w\u0022 srcset=\u0022data:,1w\u0022 \/\u003E\n    \u003Cimg class=\u0022lazyload\u0022 data-srcset=\u0022https:\/\/www.basilique.ch\/media\/cache\/event_item_x1\/2026\/01\/1481-priere-des-meres.png 387w, https:\/\/www.basilique.ch\/media\/cache\/event_item_x2\/2026\/01\/1481-priere-des-meres.png 774w\u0022             data-sizes=\u0022auto\u0022             width=\u0022387\u0022             height=\u0022260\u0022\/\u003E\n\u003C\/picture\u003E\n\n        \u003C\/div\u003E\n    \n    \u003Cdiv class=\u0022information\u0022\u003E\n        \u003Ca class=\u0022block-link item-title\u0022 href=\u0022\/evenements-regards\/groupe-priere-des-meres-rassemblement-cantonal-mercredi-21-janvier-de-18h30-a-21h30\u0022\u003E\n            \u003Ch3 class=\u0022h4 no-m\u0022\u003EGroupe Pri\u00e8re des M\u00e8res - Rassemblement cantonal mercredi 21 janvier de 18h30 \u00e0 21h30\u003C\/h3\u003E\n        \u003C\/a\u003E\n\n        \u003Cp class=\u0022h5 date\u0022\u003E21.01.26\u003C\/p\u003E\n    \u003C\/div\u003E\n\u003C\/div\u003E\n                    \u003Cdiv class=\u0022news-item\u0022\u003E\n            \u003Cdiv class=\u0022picture\u0022\u003E\n            \u003Cpicture\u003E\n                                                                \u003Csource type=\u0022image\/webp\u0022 data-srcset=\u0022https:\/\/www.basilique.ch\/media\/cache\/event_item_x1_webp\/2026\/01\/7142-bapteme-du-seigneur.webp 387w, https:\/\/www.basilique.ch\/media\/cache\/event_item_x2_webp\/2026\/01\/7142-bapteme-du-seigneur.webp 774w\u0022 srcset=\u0022data:,1w\u0022 \/\u003E\n    \u003Cimg class=\u0022lazyload\u0022 data-srcset=\u0022https:\/\/www.basilique.ch\/media\/cache\/event_item_x1\/2026\/01\/7142-bapteme-du-seigneur.jpg 387w, https:\/\/www.basilique.ch\/media\/cache\/event_item_x2\/2026\/01\/7142-bapteme-du-seigneur.jpg 774w\u0022             data-sizes=\u0022auto\u0022             width=\u0022387\u0022             height=\u0022260\u0022\/\u003E\n\u003C\/picture\u003E\n\n        \u003C\/div\u003E\n    \n    \u003Cdiv class=\u0022information\u0022\u003E\n        \u003Ca class=\u0022block-link item-title\u0022 href=\u0022\/evenements-regards\/fete-bapteme-du-seigneur-messes-dominicales-du-10-et-11-janvier\u0022\u003E\n            \u003Ch3 class=\u0022h4 no-m\u0022\u003EF\u00eate du Bapt\u00eame du Seigneur -  messes dominicales des 10 et 11 janvier\u003C\/h3\u003E\n        \u003C\/a\u003E\n\n        \u003Cp class=\u0022h5 date\u0022\u003E10.01.26\u003C\/p\u003E\n    \u003C\/div\u003E\n\u003C\/div\u003E\n                    \u003Cdiv class=\u0022news-item\u0022\u003E\n            \u003Cdiv class=\u0022picture\u0022\u003E\n            \u003Cpicture\u003E\n                                                                \u003Csource type=\u0022image\/webp\u0022 data-srcset=\u0022https:\/\/www.basilique.ch\/media\/cache\/event_item_x1_webp\/2026\/01\/9858-capture-image-deuil-national-3.webp 387w, https:\/\/www.basilique.ch\/media\/cache\/event_item_x2_webp\/2026\/01\/9858-capture-image-deuil-national-3.webp 774w\u0022 srcset=\u0022data:,1w\u0022 \/\u003E\n    \u003Cimg class=\u0022lazyload\u0022 data-srcset=\u0022https:\/\/www.basilique.ch\/media\/cache\/event_item_x1\/2026\/01\/9858-capture-image-deuil-national-3.jpg 387w, https:\/\/www.basilique.ch\/media\/cache\/event_item_x2\/2026\/01\/9858-capture-image-deuil-national-3.jpg 774w\u0022             data-sizes=\u0022auto\u0022             width=\u0022387\u0022             height=\u0022260\u0022\/\u003E\n\u003C\/picture\u003E\n\n        \u003C\/div\u003E\n    \n    \u003Cdiv class=\u0022information\u0022\u003E\n        \u003Ca class=\u0022block-link item-title\u0022 href=\u0022\/evenements-regards\/crans-montana-deuil-national-du-9-janvier-2026\u0022\u003E\n            \u003Ch3 class=\u0022h4 no-m\u0022\u003EJour de deuil national vendredi 9 janvier - Messe de soutien \u00e0 18h30\u003C\/h3\u003E\n        \u003C\/a\u003E\n\n        \u003Cp class=\u0022h5 date\u0022\u003E09.01.26\u003C\/p\u003E\n    \u003C\/div\u003E\n\u003C\/div\u003E\n            \u003C\/div\u003E\n\n            \u003Cdiv class=\u0022pagination-container\u0022\u003E\n            \u003Cnav\u003E\u003Cul class=\u0022pagination\u0022\u003E\u003Cli class=\u0022prev\u0022\u003E\u003Ca class=\u0022noscroll\u0022  rel=\u0022prev\u0022 title=\u0022Pr\u00e9c\u00e9dent\u0022 href=\u0022\/fr\/past-event\u0022\u003E\u003Ci aria-hidden=\u0022true\u0022 class=\u0022icon-arrow-left\u0022\u003E\u003C\/i\u003E\u003Cspan class=\u0022sr-only\u0022\u003EPr\u00e9c\u00e9dent\u003C\/span\u003E\u003C\/a\u003E\u003C\/li\u003E\u003Cli class=\u0022\u0022\u003E\u003Ca class=\u0022noscroll\u0022  title=\u0022Aller \u00e0 la page 1\/2\u0022 href=\u0022\/fr\/past-event\u0022\u003E1\u003C\/a\u003E\u003C\/li\u003E\u003Cli class=\u0022active\u0022 aria-current=\u0022page\u0022 aria-label=\u0022Vous \u00eates sur la page 2\/2\u0022\u003E\u003Cspan\u003E2 \u003Cspan class=\u0022sr-only\u0022\u003E(current)\u003C\/span\u003E\u003C\/span\u003E\u003C\/li\u003E\u003Cli class=\u0022next disabled\u0022\u003E\u003Cspan\u003E\u003Ci aria-hidden=\u0022true\u0022 class=\u0022icon-arrow-right\u0022\u003E\u003C\/i\u003E\u003Cspan class=\u0022sr-only\u0022\u003ESuivant\u003C\/span\u003E\u003C\/span\u003E\u003C\/li\u003E\u003C\/ul\u003E\u003C\/nav\u003E\n        \u003C\/div\u003E\n    \u003C\/div\u003E"}